{"id":4198,"date":"2022-02-08T22:39:36","date_gmt":"2022-02-08T21:39:36","guid":{"rendered":"https:\/\/krl.pedf.cuni.cz\/?p=4198"},"modified":"2022-02-08T22:40:18","modified_gmt":"2022-02-08T21:40:18","slug":"upozorneni-na-nahradni-vyuku-dr-konecneho-v-utery-15-2-2022","status":"publish","type":"post","link":"https:\/\/krl.pedf.cuni.cz\/index.php\/2022\/02\/08\/upozorneni-na-nahradni-vyuku-dr-konecneho-v-utery-15-2-2022\/","title":{"rendered":"Upozorn\u011bn\u00ed na n\u00e1hradn\u00ed v\u00fduku dr. Kone\u010dn\u00e9ho v \u00fater\u00fd 15. 2. 2022"},"content":{"rendered":"\n<p>Vzhledem k pl\u00e1novan\u00e9 nep\u0159\u00edtomnosti J. Kone\u010dn\u00e9ho v 1. a 2. t\u00fddnu semestru prob\u011bhne blokov\u011b v\u00fduka p\u0159edm\u011bt\u016f <strong>Semin\u00e1\u0159 z rusk\u00e9 morfologie (2. ro\u010dn\u00edk)<\/strong> a <strong>Gramatika I (1. ro\u010dn\u00edk)<\/strong> &#8211; p\u0159edn\u00e1\u0161ka i semin\u00e1\u0159 pro S1-rodil\u00e9 mluv\u010d\u00ed <strong>v \u00fater\u00fd 15. 2.<\/strong> dle n\u00ed\u017ee uveden\u00e9ho rozvrhu, a to hybridn\u011b &#8211; tedy prezen\u010dn\u011b na fakult\u011b v u\u010debn\u011b C112\/C20 a sou\u010dasn\u011b online (odkaz bude p\u0159\u00edstupn\u00fd v nov\u011b zalo\u017een\u00fdch t\u00fdmech v MS Teams, do kter\u00fdch budete p\u0159id\u00e1ni dle p\u0159ihl\u00e1\u0161en\u00ed na p\u0159edm\u011bt).<\/p>\n\n\n\n<p><strong>12:00 &#8211; 14:15 <\/strong>Semin\u00e1\u0159 z rusk\u00e9 morfologie (135 minut)<\/p>\n\n\n\n<p><strong>14:30 &#8211; 16:00<\/strong> Gramatika I &#8211; p\u0159edn\u00e1\u0161ka (90 minut) &#8211; pro v\u0161echny studenty 1. ro\u010dn\u00edku<\/p>\n\n\n\n<p><strong>16:15 &#8211; 18:30<\/strong> Gramatika I &#8211; semin\u00e1\u0159 (135 minut)<\/p>\n\n\n\n<p>Na uveden\u00e9 \u010dasy bude napl\u00e1nov\u00e1na v\u00fduka v kalend\u00e1\u0159i v MS Teams, sou\u010dasn\u011b bude prob\u00edhat v\u00fduka prezen\u010dn\u011b na fakult\u011b. V t\u00fdmu v MS Teams budete m\u00edt odkaz na &#8222;hlasov\u00e1n\u00ed&#8220;, kde V\u00e1s pros\u00edm o ozna\u010den\u00ed, zda se z\u00fa\u010dastn\u00edte prezen\u010dn\u011b nebo distan\u010dn\u011b.<\/p>\n","protected":false},"excerpt":{"rendered":"<p>Vzhledem k pl\u00e1novan\u00e9 nep\u0159\u00edtomnosti J. Kone\u010dn\u00e9ho v 1. a 2. t\u00fddnu semestru prob\u011bhne blokov\u011b v\u00fduka p\u0159edm\u011bt\u016f Semin\u00e1\u0159 z rusk\u00e9 morfologie (2. ro\u010dn\u00edk) a Gramatika I (1. ro\u010dn\u00edk) &#8211; p\u0159edn\u00e1\u0161ka i semin\u00e1\u0159 pro S1-rodil\u00e9 mluv\u010d\u00ed v \u00fater\u00fd 15. 2. dle n\u00ed\u017ee uveden\u00e9ho rozvrhu, a to hybridn\u011b &#8211; tedy prezen\u010dn\u011b na fakult\u011b v u\u010debn\u011b C112\/C20 a sou\u010dasn\u011b [&hellip;]<\/p>\n","protected":false},"author":1,"featured_media":0,"comment_status":"closed","ping_status":"closed","sticky":false,"template":"","format":"standard","meta":{"ngg_post_thumbnail":0,"footnotes":""},"categories":[1],"tags":[],"class_list":["post-4198","post","type-post","status-publish","format-standard","hentry","category-nezarazene"],"_links":{"self":[{"href":"https:\/\/krl.pedf.cuni.cz\/index.php\/wp-json\/wp\/v2\/posts\/4198"}],"collection":[{"href":"https:\/\/krl.pedf.cuni.cz\/index.php\/wp-json\/wp\/v2\/posts"}],"about":[{"href":"https:\/\/krl.pedf.cuni.cz\/index.php\/wp-json\/wp\/v2\/types\/post"}],"author":[{"embeddable":true,"href":"https:\/\/krl.pedf.cuni.cz\/index.php\/wp-json\/wp\/v2\/users\/1"}],"replies":[{"embeddable":true,"href":"https:\/\/krl.pedf.cuni.cz\/index.php\/wp-json\/wp\/v2\/comments?post=4198"}],"version-history":[{"count":1,"href":"https:\/\/krl.pedf.cuni.cz\/index.php\/wp-json\/wp\/v2\/posts\/4198\/revisions"}],"predecessor-version":[{"id":4199,"href":"https:\/\/krl.pedf.cuni.cz\/index.php\/wp-json\/wp\/v2\/posts\/4198\/revisions\/4199"}],"wp:attachment":[{"href":"https:\/\/krl.pedf.cuni.cz\/index.php\/wp-json\/wp\/v2\/media?parent=4198"}],"wp:term":[{"taxonomy":"category","embeddable":true,"href":"https:\/\/krl.pedf.cuni.cz\/index.php\/wp-json\/wp\/v2\/categories?post=4198"},{"taxonomy":"post_tag","embeddable":true,"href":"https:\/\/krl.pedf.cuni.cz\/index.php\/wp-json\/wp\/v2\/tags?post=4198"}],"curies":[{"name":"wp","href":"https:\/\/api.w.org\/{rel}","templated":true}]}}