{"id":4202,"date":"2022-02-14T16:04:37","date_gmt":"2022-02-14T15:04:37","guid":{"rendered":"https:\/\/krl.pedf.cuni.cz\/?p=4202"},"modified":"2022-02-14T16:04:37","modified_gmt":"2022-02-14T15:04:37","slug":"45-celostatni-seminar-k-teoretickym-zakladum-didaktiky-cizich-jazyku","status":"publish","type":"post","link":"https:\/\/krl.pedf.cuni.cz\/index.php\/2022\/02\/14\/45-celostatni-seminar-k-teoretickym-zakladum-didaktiky-cizich-jazyku\/","title":{"rendered":"45. celost\u00e1tn\u00ed semin\u00e1\u0159 k teoretick\u00fdm z\u00e1klad\u016fm didaktiky ciz\u00edch jazyk\u016f"},"content":{"rendered":"\n<div data-wp-interactive=\"core\/file\" class=\"wp-block-file\"><object data-wp-bind--hidden=\"!state.hasPdfPreview\"  class=\"wp-block-file__embed\" data=\"https:\/\/krl.pedf.cuni.cz\/wp-content\/uploads\/2022\/02\/20220207_Pozvanka_45_seminar.pdf\" type=\"application\/pdf\" style=\"width:100%;height:600px\" aria-label=\"Vlo\u017eit z Vlo\u017eit z 20220207_Pozvanka_45_seminar..\"><\/object><a href=\"https:\/\/krl.pedf.cuni.cz\/wp-content\/uploads\/2022\/02\/20220207_Pozvanka_45_seminar.pdf\">20220207_Pozvanka_45_seminar<\/a><a href=\"https:\/\/krl.pedf.cuni.cz\/wp-content\/uploads\/2022\/02\/20220207_Pozvanka_45_seminar.pdf\" class=\"wp-block-file__button\" download>St\u00e1hnout<\/a><\/div>\n","protected":false},"excerpt":{"rendered":"","protected":false},"author":1,"featured_media":0,"comment_status":"open","ping_status":"open","sticky":false,"template":"","format":"standard","meta":{"ngg_post_thumbnail":0,"footnotes":""},"categories":[1],"tags":[],"class_list":["post-4202","post","type-post","status-publish","format-standard","hentry","category-nezarazene"],"_links":{"self":[{"href":"https:\/\/krl.pedf.cuni.cz\/index.php\/wp-json\/wp\/v2\/posts\/4202"}],"collection":[{"href":"https:\/\/krl.pedf.cuni.cz\/index.php\/wp-json\/wp\/v2\/posts"}],"about":[{"href":"https:\/\/krl.pedf.cuni.cz\/index.php\/wp-json\/wp\/v2\/types\/post"}],"author":[{"embeddable":true,"href":"https:\/\/krl.pedf.cuni.cz\/index.php\/wp-json\/wp\/v2\/users\/1"}],"replies":[{"embeddable":true,"href":"https:\/\/krl.pedf.cuni.cz\/index.php\/wp-json\/wp\/v2\/comments?post=4202"}],"version-history":[{"count":1,"href":"https:\/\/krl.pedf.cuni.cz\/index.php\/wp-json\/wp\/v2\/posts\/4202\/revisions"}],"predecessor-version":[{"id":4204,"href":"https:\/\/krl.pedf.cuni.cz\/index.php\/wp-json\/wp\/v2\/posts\/4202\/revisions\/4204"}],"wp:attachment":[{"href":"https:\/\/krl.pedf.cuni.cz\/index.php\/wp-json\/wp\/v2\/media?parent=4202"}],"wp:term":[{"taxonomy":"category","embeddable":true,"href":"https:\/\/krl.pedf.cuni.cz\/index.php\/wp-json\/wp\/v2\/categories?post=4202"},{"taxonomy":"post_tag","embeddable":true,"href":"https:\/\/krl.pedf.cuni.cz\/index.php\/wp-json\/wp\/v2\/tags?post=4202"}],"curies":[{"name":"wp","href":"https:\/\/api.w.org\/{rel}","templated":true}]}}