{"id":4206,"date":"2022-04-05T14:14:44","date_gmt":"2022-04-05T12:14:44","guid":{"rendered":"https:\/\/krl.pedf.cuni.cz\/?p=4206"},"modified":"2022-04-05T14:57:55","modified_gmt":"2022-04-05T12:57:55","slug":"tiskova-zprava","status":"publish","type":"post","link":"https:\/\/krl.pedf.cuni.cz\/index.php\/2022\/04\/05\/tiskova-zprava\/","title":{"rendered":"Tiskov\u00e1 zpr\u00e1va"},"content":{"rendered":"\n<p>Reakce na z\u00e1m\u011br Ministerstva \u0161kolstv\u00ed, ml\u00e1de\u017ee a t\u011blov\u00fdchovy \u010cesk\u00e9 republiky zru\u0161it povinn\u00fd dal\u0161\u00ed ciz\u00ed jazyk vz\u00e1kladn\u00edm vzd\u011bl\u00e1v\u00e1n\u00ed vr\u00e1mci Velk\u00e9 revize R\u00e1mcov\u00fdch vzd\u011bl\u00e1vac\u00edch pl\u00e1n\u016f pro z\u00e1kladn\u00ed vzd\u011bl\u00e1v\u00e1n\u00ed (RVP ZV).<\/p>\n\n\n\n<p>Petici je mo\u017en\u00e9 podepsat <a rel=\"noreferrer noopener\" href=\"https:\/\/e-petice.cz\/petitions\/petice-pro-zachovani-dalsiho-ciziho-jazyka-v-zakladnim-skolstvi-jako-povinneho-predmetu.html\" target=\"_blank\">zde<\/a>.<\/p>\n\n\n\n<div data-wp-interactive=\"core\/file\" class=\"wp-block-file\"><object data-wp-bind--hidden=\"!state.hasPdfPreview\"  class=\"wp-block-file__embed\" data=\"https:\/\/krl.pedf.cuni.cz\/wp-content\/uploads\/2022\/04\/Tiskova-zprava-Podpora-povinneho-dalsiho-ciziho-jazyka-na-ZS.pdf\" type=\"application\/pdf\" style=\"width:100%;height:600px\" aria-label=\"Vlo\u017eit z Vlo\u017eit z Tiskova-zprava-Podpora-povinneho-dalsiho-ciziho-jazyka-na-ZS..\"><\/object><a href=\"https:\/\/krl.pedf.cuni.cz\/wp-content\/uploads\/2022\/04\/Tiskova-zprava-Podpora-povinneho-dalsiho-ciziho-jazyka-na-ZS.pdf\">Tiskova-zprava-Podpora-povinneho-dalsiho-ciziho-jazyka-na-ZS<\/a><a href=\"https:\/\/krl.pedf.cuni.cz\/wp-content\/uploads\/2022\/04\/Tiskova-zprava-Podpora-povinneho-dalsiho-ciziho-jazyka-na-ZS.pdf\" class=\"wp-block-file__button\" download>St\u00e1hnout<\/a><\/div>\n","protected":false},"excerpt":{"rendered":"<p>Reakce na z\u00e1m\u011br Ministerstva \u0161kolstv\u00ed, ml\u00e1de\u017ee a t\u011blov\u00fdchovy \u010cesk\u00e9 republiky zru\u0161it povinn\u00fd dal\u0161\u00ed ciz\u00ed jazyk vz\u00e1kladn\u00edm vzd\u011bl\u00e1v\u00e1n\u00ed vr\u00e1mci Velk\u00e9 revize R\u00e1mcov\u00fdch vzd\u011bl\u00e1vac\u00edch pl\u00e1n\u016f pro z\u00e1kladn\u00ed vzd\u011bl\u00e1v\u00e1n\u00ed (RVP ZV). Petici je mo\u017en\u00e9 podepsat zde.<\/p>\n","protected":false},"author":1,"featured_media":0,"comment_status":"open","ping_status":"open","sticky":false,"template":"","format":"standard","meta":{"ngg_post_thumbnail":0,"footnotes":""},"categories":[1],"tags":[],"class_list":["post-4206","post","type-post","status-publish","format-standard","hentry","category-nezarazene"],"_links":{"self":[{"href":"https:\/\/krl.pedf.cuni.cz\/index.php\/wp-json\/wp\/v2\/posts\/4206"}],"collection":[{"href":"https:\/\/krl.pedf.cuni.cz\/index.php\/wp-json\/wp\/v2\/posts"}],"about":[{"href":"https:\/\/krl.pedf.cuni.cz\/index.php\/wp-json\/wp\/v2\/types\/post"}],"author":[{"embeddable":true,"href":"https:\/\/krl.pedf.cuni.cz\/index.php\/wp-json\/wp\/v2\/users\/1"}],"replies":[{"embeddable":true,"href":"https:\/\/krl.pedf.cuni.cz\/index.php\/wp-json\/wp\/v2\/comments?post=4206"}],"version-history":[{"count":2,"href":"https:\/\/krl.pedf.cuni.cz\/index.php\/wp-json\/wp\/v2\/posts\/4206\/revisions"}],"predecessor-version":[{"id":4209,"href":"https:\/\/krl.pedf.cuni.cz\/index.php\/wp-json\/wp\/v2\/posts\/4206\/revisions\/4209"}],"wp:attachment":[{"href":"https:\/\/krl.pedf.cuni.cz\/index.php\/wp-json\/wp\/v2\/media?parent=4206"}],"wp:term":[{"taxonomy":"category","embeddable":true,"href":"https:\/\/krl.pedf.cuni.cz\/index.php\/wp-json\/wp\/v2\/categories?post=4206"},{"taxonomy":"post_tag","embeddable":true,"href":"https:\/\/krl.pedf.cuni.cz\/index.php\/wp-json\/wp\/v2\/tags?post=4206"}],"curies":[{"name":"wp","href":"https:\/\/api.w.org\/{rel}","templated":true}]}}