{"id":4215,"date":"2022-06-02T23:02:31","date_gmt":"2022-06-02T21:02:31","guid":{"rendered":"https:\/\/krl.pedf.cuni.cz\/?p=4215"},"modified":"2022-06-02T23:04:02","modified_gmt":"2022-06-02T21:04:02","slug":"terminy-statnich-zaverecnych-zkousek-a-obhajob-podzim-2022","status":"publish","type":"post","link":"https:\/\/krl.pedf.cuni.cz\/index.php\/2022\/06\/02\/terminy-statnich-zaverecnych-zkousek-a-obhajob-podzim-2022\/","title":{"rendered":"Term\u00edny st\u00e1tn\u00edch z\u00e1v\u011bre\u010dn\u00fdch zkou\u0161ek a obhajob &#8211; podzim 2022"},"content":{"rendered":"\n<p>V podzimn\u00edm term\u00ednu prob\u011bhnou st\u00e1tn\u00ed z\u00e1v\u011bre\u010dn\u00e9 zkou\u0161ky a obhajoby z\u00e1v\u011bre\u010dn\u00fdch prac\u00ed dle n\u00e1sleduj\u00edc\u00edho rozpisu.<\/p>\n\n\n\n<p><strong>\u00fater\u00fd 13. 9. od 10:00 hodin<\/strong> &#8211; obhajoby z\u00e1v\u011bre\u010dn\u00fdch prac\u00ed + diplomn\u00ed st\u00e1tn\u00ed z\u00e1v\u011bre\u010dn\u00e1 zkou\u0161ka<\/p>\n\n\n\n<p><strong>\u00fater\u00fd 20. 9. od 10:00 hodin<\/strong> &#8211; nediplomn\u00ed st\u00e1tn\u00ed z\u00e1v\u011bre\u010dn\u00e1 zkou\u0161ka<\/p>\n\n\n\n<p>Pozv\u00e1nky ze SIS obdr\u017e\u00ed p\u0159ihl\u00e1\u0161en\u00ed studenti po uzav\u0159en\u00ed term\u00ednu pro p\u0159ihla\u0161ov\u00e1n\u00ed. Upozor\u0148ujeme studenty na nutnost dodr\u017een\u00ed term\u00ednu odevzd\u00e1n\u00ed z\u00e1v\u011bre\u010dn\u00e9 pr\u00e1ce v SIS v p\u0159\u00edslu\u0161n\u00e9m term\u00ednu. Po jeho uplynut\u00ed ji\u017e nen\u00ed mo\u017en\u00e9 pr\u00e1ci odevzdat, zpo\u017ed\u011bn\u00ed nelze omluvit. V p\u0159\u00edpad\u011b, \u017ee student neodevzd\u00e1 pr\u00e1ci v\u010das, nem\u016f\u017ee prob\u00edhat obhajoba.<\/p>\n","protected":false},"excerpt":{"rendered":"<p>V podzimn\u00edm term\u00ednu prob\u011bhnou st\u00e1tn\u00ed z\u00e1v\u011bre\u010dn\u00e9 zkou\u0161ky a obhajoby z\u00e1v\u011bre\u010dn\u00fdch prac\u00ed dle n\u00e1sleduj\u00edc\u00edho rozpisu. \u00fater\u00fd 13. 9. od 10:00 hodin &#8211; obhajoby z\u00e1v\u011bre\u010dn\u00fdch prac\u00ed + diplomn\u00ed st\u00e1tn\u00ed z\u00e1v\u011bre\u010dn\u00e1 zkou\u0161ka \u00fater\u00fd 20. 9. od 10:00 hodin &#8211; nediplomn\u00ed st\u00e1tn\u00ed z\u00e1v\u011bre\u010dn\u00e1 zkou\u0161ka Pozv\u00e1nky ze SIS obdr\u017e\u00ed p\u0159ihl\u00e1\u0161en\u00ed studenti po uzav\u0159en\u00ed term\u00ednu pro p\u0159ihla\u0161ov\u00e1n\u00ed. Upozor\u0148ujeme studenty na nutnost [&hellip;]<\/p>\n","protected":false},"author":1,"featured_media":0,"comment_status":"open","ping_status":"open","sticky":false,"template":"","format":"standard","meta":{"ngg_post_thumbnail":0,"footnotes":""},"categories":[1],"tags":[],"class_list":["post-4215","post","type-post","status-publish","format-standard","hentry","category-nezarazene"],"_links":{"self":[{"href":"https:\/\/krl.pedf.cuni.cz\/index.php\/wp-json\/wp\/v2\/posts\/4215"}],"collection":[{"href":"https:\/\/krl.pedf.cuni.cz\/index.php\/wp-json\/wp\/v2\/posts"}],"about":[{"href":"https:\/\/krl.pedf.cuni.cz\/index.php\/wp-json\/wp\/v2\/types\/post"}],"author":[{"embeddable":true,"href":"https:\/\/krl.pedf.cuni.cz\/index.php\/wp-json\/wp\/v2\/users\/1"}],"replies":[{"embeddable":true,"href":"https:\/\/krl.pedf.cuni.cz\/index.php\/wp-json\/wp\/v2\/comments?post=4215"}],"version-history":[{"count":3,"href":"https:\/\/krl.pedf.cuni.cz\/index.php\/wp-json\/wp\/v2\/posts\/4215\/revisions"}],"predecessor-version":[{"id":4219,"href":"https:\/\/krl.pedf.cuni.cz\/index.php\/wp-json\/wp\/v2\/posts\/4215\/revisions\/4219"}],"wp:attachment":[{"href":"https:\/\/krl.pedf.cuni.cz\/index.php\/wp-json\/wp\/v2\/media?parent=4215"}],"wp:term":[{"taxonomy":"category","embeddable":true,"href":"https:\/\/krl.pedf.cuni.cz\/index.php\/wp-json\/wp\/v2\/categories?post=4215"},{"taxonomy":"post_tag","embeddable":true,"href":"https:\/\/krl.pedf.cuni.cz\/index.php\/wp-json\/wp\/v2\/tags?post=4215"}],"curies":[{"name":"wp","href":"https:\/\/api.w.org\/{rel}","templated":true}]}}