{"id":4254,"date":"2022-10-09T21:51:40","date_gmt":"2022-10-09T19:51:40","guid":{"rendered":"https:\/\/krl.pedf.cuni.cz\/?p=4254"},"modified":"2022-10-11T23:12:53","modified_gmt":"2022-10-11T21:12:53","slug":"zmena-vyuky-j-konecneho-v-utery-11-10-2022","status":"publish","type":"post","link":"https:\/\/krl.pedf.cuni.cz\/index.php\/2022\/10\/09\/zmena-vyuky-j-konecneho-v-utery-11-10-2022\/","title":{"rendered":"Zm\u011bna v\u00fduky J. Kone\u010dn\u00e9ho v \u00fater\u00fd 11. 10. 2022"},"content":{"rendered":"\n<p><strong><mark style=\"background-color:rgba(0, 0, 0, 0)\" class=\"has-inline-color has-vivid-red-color\">V \u00fater\u00fd 11. 10. 2022<\/mark><\/strong> bude v\u00fduka dr. Kone\u010dn\u00e9ho upravena n\u00e1sleduj\u00edc\u00edm zp\u016fsobem:<\/p>\n\n\n\n<p><strong>Gramatika RJ II &#8211; p\u0159edn\u00e1\u0161ka<\/strong> bude prob\u00edhat v u\u010debn\u011b C204\/C4 <strong><mark style=\"background-color:rgba(0, 0, 0, 0)\" class=\"has-inline-color has-vivid-red-color\">od 7:10 hodin<\/mark><\/strong><\/p>\n\n\n\n<p><strong>Oborov\u00e1 didaktika RJ III<\/strong> &#8211; <strong>semin\u00e1\u0159<\/strong> od 9:50 prob\u00edh\u00e1 dle rozvrhu, vyu\u010duj\u00edc\u00ed PhDr. Lenka Rozboudov\u00e1, Ph.D. Semin\u00e1\u0159 od 11:40 je zru\u0161en a bude nahrazen po dohod\u011b se studenty.<\/p>\n\n\n\n<p><strong>Fonetika a fonologie RJ &#8211; p\u0159edn\u00e1\u0161ka <\/strong>bude prob\u00edhat v u\u010debn\u011b C105\/C14 <strong><mark style=\"background-color:rgba(0, 0, 0, 0)\" class=\"has-inline-color has-vivid-red-color\">od 17:10 hodin<\/mark>.<\/strong><\/p>\n\n\n\n<p><strong>Fonetika a fonologie RJ &#8211; semin\u00e1\u0159e<\/strong> budou prob\u00edhat v u\u010debn\u011b C105\/C14 od <strong><mark style=\"background-color:rgba(0, 0, 0, 0)\" class=\"has-inline-color has-vivid-red-color\">17:55 hodin<\/mark><\/strong> spole\u010dn\u011b pro ob\u011b semin\u00e1rn\u00ed skupiny.<\/p>\n\n\n\n<p>O zm\u011bn\u011b byli studenti opakovan\u011b informov\u00e1ni tak\u00e9 emailem.<\/p>\n","protected":false},"excerpt":{"rendered":"<p>V \u00fater\u00fd 11. 10. 2022 bude v\u00fduka dr. Kone\u010dn\u00e9ho upravena n\u00e1sleduj\u00edc\u00edm zp\u016fsobem: Gramatika RJ II &#8211; p\u0159edn\u00e1\u0161ka bude prob\u00edhat v u\u010debn\u011b C204\/C4 od 7:10 hodin Oborov\u00e1 didaktika RJ III &#8211; semin\u00e1\u0159 od 9:50 prob\u00edh\u00e1 dle rozvrhu, vyu\u010duj\u00edc\u00ed PhDr. Lenka Rozboudov\u00e1, Ph.D. Semin\u00e1\u0159 od 11:40 je zru\u0161en a bude nahrazen po dohod\u011b se studenty. Fonetika a [&hellip;]<\/p>\n","protected":false},"author":1,"featured_media":0,"comment_status":"closed","ping_status":"open","sticky":false,"template":"","format":"standard","meta":{"ngg_post_thumbnail":0,"footnotes":""},"categories":[1],"tags":[],"class_list":["post-4254","post","type-post","status-publish","format-standard","hentry","category-nezarazene"],"_links":{"self":[{"href":"https:\/\/krl.pedf.cuni.cz\/index.php\/wp-json\/wp\/v2\/posts\/4254"}],"collection":[{"href":"https:\/\/krl.pedf.cuni.cz\/index.php\/wp-json\/wp\/v2\/posts"}],"about":[{"href":"https:\/\/krl.pedf.cuni.cz\/index.php\/wp-json\/wp\/v2\/types\/post"}],"author":[{"embeddable":true,"href":"https:\/\/krl.pedf.cuni.cz\/index.php\/wp-json\/wp\/v2\/users\/1"}],"replies":[{"embeddable":true,"href":"https:\/\/krl.pedf.cuni.cz\/index.php\/wp-json\/wp\/v2\/comments?post=4254"}],"version-history":[{"count":4,"href":"https:\/\/krl.pedf.cuni.cz\/index.php\/wp-json\/wp\/v2\/posts\/4254\/revisions"}],"predecessor-version":[{"id":4258,"href":"https:\/\/krl.pedf.cuni.cz\/index.php\/wp-json\/wp\/v2\/posts\/4254\/revisions\/4258"}],"wp:attachment":[{"href":"https:\/\/krl.pedf.cuni.cz\/index.php\/wp-json\/wp\/v2\/media?parent=4254"}],"wp:term":[{"taxonomy":"category","embeddable":true,"href":"https:\/\/krl.pedf.cuni.cz\/index.php\/wp-json\/wp\/v2\/categories?post=4254"},{"taxonomy":"post_tag","embeddable":true,"href":"https:\/\/krl.pedf.cuni.cz\/index.php\/wp-json\/wp\/v2\/tags?post=4254"}],"curies":[{"name":"wp","href":"https:\/\/api.w.org\/{rel}","templated":true}]}}