{"id":4264,"date":"2022-10-17T22:06:39","date_gmt":"2022-10-17T20:06:39","guid":{"rendered":"https:\/\/krl.pedf.cuni.cz\/?p=4264"},"modified":"2022-10-17T22:06:39","modified_gmt":"2022-10-17T20:06:39","slug":"konzultacni-hodiny-clenu-krl","status":"publish","type":"post","link":"https:\/\/krl.pedf.cuni.cz\/index.php\/2022\/10\/17\/konzultacni-hodiny-clenu-krl\/","title":{"rendered":"Konzulta\u010dn\u00ed hodiny \u010dlen\u016f KRL"},"content":{"rendered":"\n<p>Konzultace s pracovn\u00edky Katedry rusistiky a lingvodidaktiky prob\u00edhaj\u00ed v\u017edy po p\u0159edch\u00e1zej\u00edc\u00ed domluv\u011b.<\/p>\n","protected":false},"excerpt":{"rendered":"<p>Konzultace s pracovn\u00edky Katedry rusistiky a lingvodidaktiky prob\u00edhaj\u00ed v\u017edy po p\u0159edch\u00e1zej\u00edc\u00ed domluv\u011b.<\/p>\n","protected":false},"author":1,"featured_media":0,"comment_status":"closed","ping_status":"open","sticky":false,"template":"","format":"standard","meta":{"ngg_post_thumbnail":0,"footnotes":""},"categories":[1],"tags":[],"class_list":["post-4264","post","type-post","status-publish","format-standard","hentry","category-nezarazene"],"_links":{"self":[{"href":"https:\/\/krl.pedf.cuni.cz\/index.php\/wp-json\/wp\/v2\/posts\/4264"}],"collection":[{"href":"https:\/\/krl.pedf.cuni.cz\/index.php\/wp-json\/wp\/v2\/posts"}],"about":[{"href":"https:\/\/krl.pedf.cuni.cz\/index.php\/wp-json\/wp\/v2\/types\/post"}],"author":[{"embeddable":true,"href":"https:\/\/krl.pedf.cuni.cz\/index.php\/wp-json\/wp\/v2\/users\/1"}],"replies":[{"embeddable":true,"href":"https:\/\/krl.pedf.cuni.cz\/index.php\/wp-json\/wp\/v2\/comments?post=4264"}],"version-history":[{"count":1,"href":"https:\/\/krl.pedf.cuni.cz\/index.php\/wp-json\/wp\/v2\/posts\/4264\/revisions"}],"predecessor-version":[{"id":4265,"href":"https:\/\/krl.pedf.cuni.cz\/index.php\/wp-json\/wp\/v2\/posts\/4264\/revisions\/4265"}],"wp:attachment":[{"href":"https:\/\/krl.pedf.cuni.cz\/index.php\/wp-json\/wp\/v2\/media?parent=4264"}],"wp:term":[{"taxonomy":"category","embeddable":true,"href":"https:\/\/krl.pedf.cuni.cz\/index.php\/wp-json\/wp\/v2\/categories?post=4264"},{"taxonomy":"post_tag","embeddable":true,"href":"https:\/\/krl.pedf.cuni.cz\/index.php\/wp-json\/wp\/v2\/tags?post=4264"}],"curies":[{"name":"wp","href":"https:\/\/api.w.org\/{rel}","templated":true}]}}