{"id":4272,"date":"2023-02-27T22:37:47","date_gmt":"2023-02-27T21:37:47","guid":{"rendered":"https:\/\/krl.pedf.cuni.cz\/?p=4272"},"modified":"2023-02-27T22:37:47","modified_gmt":"2023-02-27T21:37:47","slug":"formativni-hodnoceni-ve-vyuce-cizich-jazyku","status":"publish","type":"post","link":"https:\/\/krl.pedf.cuni.cz\/index.php\/2023\/02\/27\/formativni-hodnoceni-ve-vyuce-cizich-jazyku\/","title":{"rendered":"Formativn\u00ed hodnocen\u00ed ve v\u00fduce ciz\u00edch jazyk\u016f"},"content":{"rendered":"\n<p class=\"has-text-align-center\">Katedra rusistiky a lingvodidaktiky Pedagogick\u00e9 fakulty UK po\u0159\u00e1d\u00e1 ve \u010dtvrtek <strong>20. dubna 2023<\/strong> v \u010dase <strong>14:00 &#8211; 17:00 hodin<\/strong> v u\u010debn\u011b <strong>R209<\/strong> (budova PedF UK, M. Rettigov\u00e9 4)<\/p>\n\n\n\n<h3 class=\"has-text-align-center wp-block-heading\">46. celost\u00e1tn\u00ed semin\u00e1\u0159 k teoretick\u00fdm z\u00e1klad\u016fm didaktiky ciz\u00edch jazyk\u016f<\/h3>\n\n\n\n<p class=\"has-text-align-center\">V\u00edce informac\u00ed je uvedeno v p\u0159ilo\u017een\u00e9 pozv\u00e1nce. T\u011b\u0161\u00edme se na setk\u00e1n\u00ed s v\u00e1mi.<\/p>\n\n\n\n<div data-wp-interactive=\"core\/file\" class=\"wp-block-file\"><object data-wp-bind--hidden=\"!state.hasPdfPreview\"  class=\"wp-block-file__embed\" data=\"https:\/\/krl.pedf.cuni.cz\/wp-content\/uploads\/2023\/02\/Pozvanka_46_seminar-k-teoretickym-zakladum-didaktiky-CJ.pdf\" type=\"application\/pdf\" style=\"width:100%;height:600px\" aria-label=\"Vlo\u017eit z Pozvanka_46_seminar-k-teoretickym-zakladum-didaktiky-CJ.\"><\/object><a id=\"wp-block-file--media-fadfa2dc-d572-46e3-82cd-f96cafff8eb7\" href=\"https:\/\/krl.pedf.cuni.cz\/wp-content\/uploads\/2023\/02\/Pozvanka_46_seminar-k-teoretickym-zakladum-didaktiky-CJ.pdf\">Pozvanka_46_seminar-k-teoretickym-zakladum-didaktiky-CJ<\/a><a href=\"https:\/\/krl.pedf.cuni.cz\/wp-content\/uploads\/2023\/02\/Pozvanka_46_seminar-k-teoretickym-zakladum-didaktiky-CJ.pdf\" class=\"wp-block-file__button wp-element-button\" download aria-describedby=\"wp-block-file--media-fadfa2dc-d572-46e3-82cd-f96cafff8eb7\">St\u00e1hnout<\/a><\/div>\n","protected":false},"excerpt":{"rendered":"<p>Katedra rusistiky a lingvodidaktiky Pedagogick\u00e9 fakulty UK po\u0159\u00e1d\u00e1 ve \u010dtvrtek 20. dubna 2023 v \u010dase 14:00 &#8211; 17:00 hodin v u\u010debn\u011b R209 (budova PedF UK, M. Rettigov\u00e9 4) 46. celost\u00e1tn\u00ed semin\u00e1\u0159 k teoretick\u00fdm z\u00e1klad\u016fm didaktiky ciz\u00edch jazyk\u016f V\u00edce informac\u00ed je uvedeno v p\u0159ilo\u017een\u00e9 pozv\u00e1nce. T\u011b\u0161\u00edme se na setk\u00e1n\u00ed s v\u00e1mi.<\/p>\n","protected":false},"author":1,"featured_media":0,"comment_status":"closed","ping_status":"open","sticky":false,"template":"","format":"standard","meta":{"ngg_post_thumbnail":0,"footnotes":""},"categories":[1],"tags":[],"class_list":["post-4272","post","type-post","status-publish","format-standard","hentry","category-nezarazene"],"_links":{"self":[{"href":"https:\/\/krl.pedf.cuni.cz\/index.php\/wp-json\/wp\/v2\/posts\/4272"}],"collection":[{"href":"https:\/\/krl.pedf.cuni.cz\/index.php\/wp-json\/wp\/v2\/posts"}],"about":[{"href":"https:\/\/krl.pedf.cuni.cz\/index.php\/wp-json\/wp\/v2\/types\/post"}],"author":[{"embeddable":true,"href":"https:\/\/krl.pedf.cuni.cz\/index.php\/wp-json\/wp\/v2\/users\/1"}],"replies":[{"embeddable":true,"href":"https:\/\/krl.pedf.cuni.cz\/index.php\/wp-json\/wp\/v2\/comments?post=4272"}],"version-history":[{"count":1,"href":"https:\/\/krl.pedf.cuni.cz\/index.php\/wp-json\/wp\/v2\/posts\/4272\/revisions"}],"predecessor-version":[{"id":4274,"href":"https:\/\/krl.pedf.cuni.cz\/index.php\/wp-json\/wp\/v2\/posts\/4272\/revisions\/4274"}],"wp:attachment":[{"href":"https:\/\/krl.pedf.cuni.cz\/index.php\/wp-json\/wp\/v2\/media?parent=4272"}],"wp:term":[{"taxonomy":"category","embeddable":true,"href":"https:\/\/krl.pedf.cuni.cz\/index.php\/wp-json\/wp\/v2\/categories?post=4272"},{"taxonomy":"post_tag","embeddable":true,"href":"https:\/\/krl.pedf.cuni.cz\/index.php\/wp-json\/wp\/v2\/tags?post=4272"}],"curies":[{"name":"wp","href":"https:\/\/api.w.org\/{rel}","templated":true}]}}